{"id":270,"date":"2021-09-27T16:21:40","date_gmt":"2021-09-27T19:21:40","guid":{"rendered":"https:\/\/pselectronica.com.ar\/?p=270"},"modified":"2024-10-25T21:30:20","modified_gmt":"2024-10-26T00:30:20","slug":"penal-los-telares","status":"publish","type":"post","link":"https:\/\/pselectronica.com.ar\/en\/penal-los-telares\/","title":{"rendered":"Proyecto Completado en el Penal de M\u00e1xima Seguridad de Los Telares"},"content":{"rendered":"<p>Nos enorgullece haber finalizado con \u00e9xito un proyecto desafiante y de alta importancia: el sistema el\u00e9ctrico, de potencia, puesta a tierra, estabilizaci\u00f3n de tensi\u00f3n y conectividad de fibra \u00f3ptica en el penal de m\u00e1xima seguridad de Los Telares, Santiago del Estero. Este logro representa un paso significativo en la infraestructura del penal, asegurando que el entorno cumpla con los m\u00e1s altos est\u00e1ndares de seguridad y eficiencia energ\u00e9tica.<\/p>\n\n\n\n<h3 class=\"wp-block-heading\">\ud83d\udd27 Desarrollo del Proyecto<\/h3>\n\n\n\n<p>Para este proyecto, nuestro equipo se dedic\u00f3 al dise\u00f1o e implementaci\u00f3n de un sistema el\u00e9ctrico completo y confiable, optimizado para un entorno de m\u00e1xima seguridad. A continuaci\u00f3n, algunos de los elementos clave:<\/p>\n\n\n\n<p>\ud83d\udca1 <strong>Sistema de electricidad y potencia<\/strong>: Realizamos un c\u00e1lculo exhaustivo y una distribuci\u00f3n de energ\u00eda que asegura un suministro constante y seguro, permitiendo el funcionamiento adecuado de todas las instalaciones sin riesgo de sobrecarga.<\/p>\n\n\n\n<p>\u26a1 <strong>Puesta a tierra y estabilizaci\u00f3n de tensi\u00f3n<\/strong>: Implementamos un sistema de puesta a tierra esencial para proteger el equipo y el personal. Adem\u00e1s, el sistema estabilizador de tensi\u00f3n garantiza un flujo de energ\u00eda continuo y sin fluctuaciones, vital para mantener la seguridad y el control del penal.<\/p>\n\n\n\n<p>\ud83c\udf10 <strong>Conectividad de fibra \u00f3ptica<\/strong>: Para asegurar la conectividad en todo el penal, instalamos una red de fibra \u00f3ptica que facilita comunicaciones r\u00e1pidas y confiables entre las distintas \u00e1reas de las instalaciones, respaldando as\u00ed los sistemas de monitoreo y gesti\u00f3n.<\/p>\n\n\n\n<h3 class=\"wp-block-heading\">\ud83e\udd1d Colaboraci\u00f3n y Agradecimientos<\/h3>\n\n\n\n<p>Este proyecto no habr\u00eda sido posible sin el apoyo y colaboraci\u00f3n de nuestros colegas de @db_arquitectos y @unoseisuno.consultora. Agradecemos profundamente su compromiso, profesionalismo y excelencia, que fueron fundamentales para llevar a cabo esta obra.<\/p>\n\n\n\n<p>En PSelectronica, continuamos comprometidos con la innovaci\u00f3n y la calidad en cada proyecto que realizamos, con la meta de contribuir a un entorno m\u00e1s seguro, eficiente y tecnol\u00f3gicamente avanzado.<\/p>\n\n\n\n<figure class=\"wp-block-embed\"><div class=\"wp-block-embed__wrapper\">\nhttps:\/\/www.facebook.com\/share\/p\/c6HCh4KUaooMMWpz\n<\/div><\/figure>\n\n\n\n<figure class=\"wp-block-gallery has-nested-images columns-default is-cropped wp-block-gallery-1 is-layout-flex wp-block-gallery-is-layout-flex\">\n<figure class=\"wp-block-image size-large\"><img decoding=\"async\" data-id=\"489\" src=\"https:\/\/pselectronica.com.ar\/wp-content\/uploads\/2021\/09\/443718940_18010501727437828_1312824413986461240_n-819x1024.jpg\" alt=\"\" class=\"wp-image-489\"\/><\/figure>\n\n\n\n<figure class=\"wp-block-image size-large\"><img decoding=\"async\" data-id=\"490\" src=\"https:\/\/pselectronica.com.ar\/wp-content\/uploads\/2021\/09\/443732601_18010501736437828_8445116562375865790_n-821x1024.jpg\" alt=\"\" class=\"wp-image-490\"\/><\/figure>\n\n\n\n<figure class=\"wp-block-image size-large\"><img fetchpriority=\"high\" decoding=\"async\" width=\"821\" height=\"1024\" data-id=\"494\" src=\"https:\/\/pselectronica.com.ar\/wp-content\/uploads\/2021\/09\/443734564_18010501784437828_1930007130246020484_n-821x1024.jpg\" alt=\"\" class=\"wp-image-494\" srcset=\"https:\/\/pselectronica.com.ar\/wp-content\/uploads\/2021\/09\/443734564_18010501784437828_1930007130246020484_n-821x1024.jpg 821w, https:\/\/pselectronica.com.ar\/wp-content\/uploads\/2021\/09\/443734564_18010501784437828_1930007130246020484_n-241x300.jpg 241w, https:\/\/pselectronica.com.ar\/wp-content\/uploads\/2021\/09\/443734564_18010501784437828_1930007130246020484_n-768x958.jpg 768w, https:\/\/pselectronica.com.ar\/wp-content\/uploads\/2021\/09\/443734564_18010501784437828_1930007130246020484_n-1232x1536.jpg 1232w, https:\/\/pselectronica.com.ar\/wp-content\/uploads\/2021\/09\/443734564_18010501784437828_1930007130246020484_n.jpg 1440w\" sizes=\"(max-width: 821px) 100vw, 821px\" \/><\/figure>\n\n\n\n<figure class=\"wp-block-image size-large\"><img decoding=\"async\" width=\"819\" height=\"1024\" data-id=\"493\" src=\"https:\/\/pselectronica.com.ar\/wp-content\/uploads\/2021\/09\/443861528_18010501805437828_2523770424455667093_n-819x1024.jpg\" alt=\"\" class=\"wp-image-493\" srcset=\"https:\/\/pselectronica.com.ar\/wp-content\/uploads\/2021\/09\/443861528_18010501805437828_2523770424455667093_n-819x1024.jpg 819w, https:\/\/pselectronica.com.ar\/wp-content\/uploads\/2021\/09\/443861528_18010501805437828_2523770424455667093_n-240x300.jpg 240w, https:\/\/pselectronica.com.ar\/wp-content\/uploads\/2021\/09\/443861528_18010501805437828_2523770424455667093_n-768x960.jpg 768w, https:\/\/pselectronica.com.ar\/wp-content\/uploads\/2021\/09\/443861528_18010501805437828_2523770424455667093_n-1229x1536.jpg 1229w, https:\/\/pselectronica.com.ar\/wp-content\/uploads\/2021\/09\/443861528_18010501805437828_2523770424455667093_n.jpg 1440w\" sizes=\"(max-width: 819px) 100vw, 819px\" \/><\/figure>\n\n\n\n<figure class=\"wp-block-image size-large\"><img decoding=\"async\" data-id=\"491\" src=\"https:\/\/pselectronica.com.ar\/wp-content\/uploads\/2021\/09\/443916575_18010501772437828_9115288428099831092_n-819x1024.jpg\" alt=\"\" class=\"wp-image-491\"\/><\/figure>\n\n\n\n<figure class=\"wp-block-image size-large\"><img decoding=\"async\" width=\"821\" height=\"1024\" data-id=\"492\" src=\"https:\/\/pselectronica.com.ar\/wp-content\/uploads\/2021\/09\/444166342_18010501745437828_3798775989523526044_n-821x1024.jpg\" alt=\"\" class=\"wp-image-492\" srcset=\"https:\/\/pselectronica.com.ar\/wp-content\/uploads\/2021\/09\/444166342_18010501745437828_3798775989523526044_n-821x1024.jpg 821w, https:\/\/pselectronica.com.ar\/wp-content\/uploads\/2021\/09\/444166342_18010501745437828_3798775989523526044_n-241x300.jpg 241w, https:\/\/pselectronica.com.ar\/wp-content\/uploads\/2021\/09\/444166342_18010501745437828_3798775989523526044_n-768x958.jpg 768w, https:\/\/pselectronica.com.ar\/wp-content\/uploads\/2021\/09\/444166342_18010501745437828_3798775989523526044_n-1232x1536.jpg 1232w, https:\/\/pselectronica.com.ar\/wp-content\/uploads\/2021\/09\/444166342_18010501745437828_3798775989523526044_n.webp 1440w\" sizes=\"(max-width: 821px) 100vw, 821px\" \/><\/figure>\n<\/figure>","protected":false},"excerpt":{"rendered":"<p>Nos enorgullece haber finalizado con \u00e9xito un proyecto desafiante y de alta importancia: el sistema el\u00e9ctrico, de potencia, puesta a tierra, estabilizaci\u00f3n de tensi\u00f3n y conectividad de fibra \u00f3ptica en el penal de m\u00e1xima seguridad de Los Telares, Santiago del Estero. Este logro representa un paso significativo en la infraestructura del penal, asegurando que el [&hellip;]<\/p>\n","protected":false},"author":1,"featured_media":493,"comment_status":"open","ping_status":"open","sticky":false,"template":"","format":"standard","meta":{"site-sidebar-layout":"default","site-content-layout":"","ast-site-content-layout":"default","site-content-style":"default","site-sidebar-style":"default","ast-global-header-display":"","ast-banner-title-visibility":"","ast-main-header-display":"","ast-hfb-above-header-display":"","ast-hfb-below-header-display":"","ast-hfb-mobile-header-display":"","site-post-title":"","ast-breadcrumbs-content":"","ast-featured-img":"disabled","footer-sml-layout":"","ast-disable-related-posts":"","theme-transparent-header-meta":"","adv-header-id-meta":"","stick-header-meta":"","header-above-stick-meta":"","header-main-stick-meta":"","header-below-stick-meta":"","astra-migrate-meta-layouts":"default","ast-page-background-enabled":"default","ast-page-background-meta":{"desktop":{"background-color":"var(--ast-global-color-4)","background-image":"","background-repeat":"repeat","background-position":"center center","background-size":"auto","background-attachment":"scroll","background-type":"","background-media":"","overlay-type":"","overlay-color":"","overlay-opacity":"","overlay-gradient":""},"tablet":{"background-color":"","background-image":"","background-repeat":"repeat","background-position":"center center","background-size":"auto","background-attachment":"scroll","background-type":"","background-media":"","overlay-type":"","overlay-color":"","overlay-opacity":"","overlay-gradient":""},"mobile":{"background-color":"","background-image":"","background-repeat":"repeat","background-position":"center center","background-size":"auto","background-attachment":"scroll","background-type":"","background-media":"","overlay-type":"","overlay-color":"","overlay-opacity":"","overlay-gradient":""}},"ast-content-background-meta":{"desktop":{"background-color":"var(--ast-global-color-5)","background-image":"","background-repeat":"repeat","background-position":"center center","background-size":"auto","background-attachment":"scroll","background-type":"","background-media":"","overlay-type":"","overlay-color":"","overlay-opacity":"","overlay-gradient":""},"tablet":{"background-color":"var(--ast-global-color-5)","background-image":"","background-repeat":"repeat","background-position":"center center","background-size":"auto","background-attachment":"scroll","background-type":"","background-media":"","overlay-type":"","overlay-color":"","overlay-opacity":"","overlay-gradient":""},"mobile":{"background-color":"var(--ast-global-color-5)","background-image":"","background-repeat":"repeat","background-position":"center center","background-size":"auto","background-attachment":"scroll","background-type":"","background-media":"","overlay-type":"","overlay-color":"","overlay-opacity":"","overlay-gradient":""}},"_joinchat":[],"footnotes":""},"categories":[4],"tags":[],"class_list":["post-270","post","type-post","status-publish","format-standard","has-post-thumbnail","hentry","category-servicios-a-clientes"],"yoast_head":"<!-- This site is optimized with the Yoast SEO plugin v27.5 - https:\/\/yoast.com\/product\/yoast-seo-wordpress\/ -->\n<title>Sistema El\u00e9ctrico y Fibra \u00d3ptica en el Penal Los Telares<\/title>\n<meta name=\"description\" content=\"Descubre c\u00f3mo PSelectronica complet\u00f3 la instalaci\u00f3n de sistemas el\u00e9ctricos, de potencia y fibra \u00f3ptica en el penal de m\u00e1xima seguridad de Los Telares, garantizando eficiencia y seguridad en Santiago del Estero.\" \/>\n<meta name=\"robots\" content=\"index, follow, max-snippet:-1, max-image-preview:large, max-video-preview:-1\" \/>\n<link rel=\"canonical\" href=\"https:\/\/pselectronica.com.ar\/en\/penal-los-telares\/\" \/>\n<meta property=\"og:locale\" content=\"en_US\" \/>\n<meta property=\"og:type\" content=\"article\" \/>\n<meta property=\"og:title\" content=\"Sistema El\u00e9ctrico y Fibra \u00d3ptica en el Penal Los Telares\" \/>\n<meta property=\"og:description\" content=\"Descubre c\u00f3mo PSelectronica complet\u00f3 la instalaci\u00f3n de sistemas el\u00e9ctricos, de potencia y fibra \u00f3ptica en el penal de m\u00e1xima seguridad de Los Telares, garantizando eficiencia y seguridad en Santiago del Estero.\" \/>\n<meta property=\"og:url\" content=\"https:\/\/pselectronica.com.ar\/en\/penal-los-telares\/\" \/>\n<meta property=\"article:publisher\" content=\"https:\/\/www.facebook.com\/PSelectronica\/\" \/>\n<meta property=\"article:published_time\" content=\"2021-09-27T19:21:40+00:00\" \/>\n<meta property=\"article:modified_time\" content=\"2024-10-26T00:30:20+00:00\" \/>\n<meta property=\"og:image\" content=\"https:\/\/pselectronica.com.ar\/wp-content\/uploads\/2021\/09\/443861528_18010501805437828_2523770424455667093_n.jpg\" \/>\n\t<meta property=\"og:image:width\" content=\"1440\" \/>\n\t<meta property=\"og:image:height\" content=\"1800\" \/>\n\t<meta property=\"og:image:type\" content=\"image\/jpeg\" \/>\n<meta name=\"author\" content=\"admin\" \/>\n<meta name=\"twitter:card\" content=\"summary_large_image\" \/>\n<meta name=\"twitter:label1\" content=\"Written by\" \/>\n\t<meta name=\"twitter:data1\" content=\"admin\" \/>\n\t<meta name=\"twitter:label2\" content=\"Est. reading time\" \/>\n\t<meta name=\"twitter:data2\" content=\"3 minutes\" \/>\n<script type=\"application\/ld+json\" class=\"yoast-schema-graph\">{\"@context\":\"https:\\\/\\\/schema.org\",\"@graph\":[{\"@type\":\"Article\",\"@id\":\"https:\\\/\\\/pselectronica.com.ar\\\/penal-los-telares\\\/#article\",\"isPartOf\":{\"@id\":\"https:\\\/\\\/pselectronica.com.ar\\\/penal-los-telares\\\/\"},\"author\":{\"name\":\"admin\",\"@id\":\"https:\\\/\\\/pselectronica.com.ar\\\/#\\\/schema\\\/person\\\/49d81d9435dff12d4565eb28a8eede94\"},\"headline\":\"Proyecto Completado en el Penal de M\u00e1xima Seguridad de Los Telares\",\"datePublished\":\"2021-09-27T19:21:40+00:00\",\"dateModified\":\"2024-10-26T00:30:20+00:00\",\"mainEntityOfPage\":{\"@id\":\"https:\\\/\\\/pselectronica.com.ar\\\/penal-los-telares\\\/\"},\"wordCount\":338,\"commentCount\":0,\"publisher\":{\"@id\":\"https:\\\/\\\/pselectronica.com.ar\\\/#organization\"},\"image\":{\"@id\":\"https:\\\/\\\/pselectronica.com.ar\\\/penal-los-telares\\\/#primaryimage\"},\"thumbnailUrl\":\"https:\\\/\\\/pselectronica.com.ar\\\/wp-content\\\/uploads\\\/2021\\\/09\\\/443861528_18010501805437828_2523770424455667093_n.jpg\",\"articleSection\":[\"Servicios a Clientes\"],\"inLanguage\":\"en-US\",\"potentialAction\":[{\"@type\":\"CommentAction\",\"name\":\"Comment\",\"target\":[\"https:\\\/\\\/pselectronica.com.ar\\\/penal-los-telares\\\/#respond\"]}]},{\"@type\":\"WebPage\",\"@id\":\"https:\\\/\\\/pselectronica.com.ar\\\/penal-los-telares\\\/\",\"url\":\"https:\\\/\\\/pselectronica.com.ar\\\/penal-los-telares\\\/\",\"name\":\"Sistema El\u00e9ctrico y Fibra \u00d3ptica en el Penal Los Telares\",\"isPartOf\":{\"@id\":\"https:\\\/\\\/pselectronica.com.ar\\\/#website\"},\"primaryImageOfPage\":{\"@id\":\"https:\\\/\\\/pselectronica.com.ar\\\/penal-los-telares\\\/#primaryimage\"},\"image\":{\"@id\":\"https:\\\/\\\/pselectronica.com.ar\\\/penal-los-telares\\\/#primaryimage\"},\"thumbnailUrl\":\"https:\\\/\\\/pselectronica.com.ar\\\/wp-content\\\/uploads\\\/2021\\\/09\\\/443861528_18010501805437828_2523770424455667093_n.jpg\",\"datePublished\":\"2021-09-27T19:21:40+00:00\",\"dateModified\":\"2024-10-26T00:30:20+00:00\",\"description\":\"Descubre c\u00f3mo PSelectronica complet\u00f3 la instalaci\u00f3n de sistemas el\u00e9ctricos, de potencia y fibra \u00f3ptica en el penal de m\u00e1xima seguridad de Los Telares, garantizando eficiencia y seguridad en Santiago del Estero.\",\"breadcrumb\":{\"@id\":\"https:\\\/\\\/pselectronica.com.ar\\\/penal-los-telares\\\/#breadcrumb\"},\"inLanguage\":\"en-US\",\"potentialAction\":[{\"@type\":\"ReadAction\",\"target\":[\"https:\\\/\\\/pselectronica.com.ar\\\/penal-los-telares\\\/\"]}]},{\"@type\":\"ImageObject\",\"inLanguage\":\"en-US\",\"@id\":\"https:\\\/\\\/pselectronica.com.ar\\\/penal-los-telares\\\/#primaryimage\",\"url\":\"https:\\\/\\\/pselectronica.com.ar\\\/wp-content\\\/uploads\\\/2021\\\/09\\\/443861528_18010501805437828_2523770424455667093_n.jpg\",\"contentUrl\":\"https:\\\/\\\/pselectronica.com.ar\\\/wp-content\\\/uploads\\\/2021\\\/09\\\/443861528_18010501805437828_2523770424455667093_n.jpg\",\"width\":1440,\"height\":1800},{\"@type\":\"BreadcrumbList\",\"@id\":\"https:\\\/\\\/pselectronica.com.ar\\\/penal-los-telares\\\/#breadcrumb\",\"itemListElement\":[{\"@type\":\"ListItem\",\"position\":1,\"name\":\"Portada\",\"item\":\"https:\\\/\\\/pselectronica.com.ar\\\/\"},{\"@type\":\"ListItem\",\"position\":2,\"name\":\"Proyecto Completado en el Penal de M\u00e1xima Seguridad de Los Telares\"}]},{\"@type\":\"WebSite\",\"@id\":\"https:\\\/\\\/pselectronica.com.ar\\\/#website\",\"url\":\"https:\\\/\\\/pselectronica.com.ar\\\/\",\"name\":\"\",\"description\":\"\",\"publisher\":{\"@id\":\"https:\\\/\\\/pselectronica.com.ar\\\/#organization\"},\"potentialAction\":[{\"@type\":\"SearchAction\",\"target\":{\"@type\":\"EntryPoint\",\"urlTemplate\":\"https:\\\/\\\/pselectronica.com.ar\\\/?s={search_term_string}\"},\"query-input\":{\"@type\":\"PropertyValueSpecification\",\"valueRequired\":true,\"valueName\":\"search_term_string\"}}],\"inLanguage\":\"en-US\"},{\"@type\":\"Organization\",\"@id\":\"https:\\\/\\\/pselectronica.com.ar\\\/#organization\",\"name\":\"PS Electronica\",\"url\":\"https:\\\/\\\/pselectronica.com.ar\\\/\",\"logo\":{\"@type\":\"ImageObject\",\"inLanguage\":\"en-US\",\"@id\":\"https:\\\/\\\/pselectronica.com.ar\\\/#\\\/schema\\\/logo\\\/image\\\/\",\"url\":\"https:\\\/\\\/pselectronica.com.ar\\\/wp-content\\\/uploads\\\/2021\\\/07\\\/perfil.jpg\",\"contentUrl\":\"https:\\\/\\\/pselectronica.com.ar\\\/wp-content\\\/uploads\\\/2021\\\/07\\\/perfil.jpg\",\"width\":500,\"height\":500,\"caption\":\"PS Electronica\"},\"image\":{\"@id\":\"https:\\\/\\\/pselectronica.com.ar\\\/#\\\/schema\\\/logo\\\/image\\\/\"},\"sameAs\":[\"https:\\\/\\\/www.facebook.com\\\/PSelectronica\\\/\",\"https:\\\/\\\/www.instagram.com\\\/ps.electronica\\\/\"]},{\"@type\":\"Person\",\"@id\":\"https:\\\/\\\/pselectronica.com.ar\\\/#\\\/schema\\\/person\\\/49d81d9435dff12d4565eb28a8eede94\",\"name\":\"admin\",\"image\":{\"@type\":\"ImageObject\",\"inLanguage\":\"en-US\",\"@id\":\"https:\\\/\\\/secure.gravatar.com\\\/avatar\\\/e5d485642d2b365651044b921536cb7092efe57bc5267c19db4da906a89b81e3?s=96&d=mm&r=g\",\"url\":\"https:\\\/\\\/secure.gravatar.com\\\/avatar\\\/e5d485642d2b365651044b921536cb7092efe57bc5267c19db4da906a89b81e3?s=96&d=mm&r=g\",\"contentUrl\":\"https:\\\/\\\/secure.gravatar.com\\\/avatar\\\/e5d485642d2b365651044b921536cb7092efe57bc5267c19db4da906a89b81e3?s=96&d=mm&r=g\",\"caption\":\"admin\"},\"sameAs\":[\"http:\\\/\\\/pselectronica.com.ar\"]}]}<\/script>\n<!-- \/ Yoast SEO plugin. -->","yoast_head_json":{"title":"Sistema El\u00e9ctrico y Fibra \u00d3ptica en el Penal Los Telares","description":"Descubre c\u00f3mo PSelectronica complet\u00f3 la instalaci\u00f3n de sistemas el\u00e9ctricos, de potencia y fibra \u00f3ptica en el penal de m\u00e1xima seguridad de Los Telares, garantizando eficiencia y seguridad en Santiago del Estero.","robots":{"index":"index","follow":"follow","max-snippet":"max-snippet:-1","max-image-preview":"max-image-preview:large","max-video-preview":"max-video-preview:-1"},"canonical":"https:\/\/pselectronica.com.ar\/en\/penal-los-telares\/","og_locale":"en_US","og_type":"article","og_title":"Sistema El\u00e9ctrico y Fibra \u00d3ptica en el Penal Los Telares","og_description":"Descubre c\u00f3mo PSelectronica complet\u00f3 la instalaci\u00f3n de sistemas el\u00e9ctricos, de potencia y fibra \u00f3ptica en el penal de m\u00e1xima seguridad de Los Telares, garantizando eficiencia y seguridad en Santiago del Estero.","og_url":"https:\/\/pselectronica.com.ar\/en\/penal-los-telares\/","article_publisher":"https:\/\/www.facebook.com\/PSelectronica\/","article_published_time":"2021-09-27T19:21:40+00:00","article_modified_time":"2024-10-26T00:30:20+00:00","og_image":[{"width":1440,"height":1800,"url":"https:\/\/pselectronica.com.ar\/wp-content\/uploads\/2021\/09\/443861528_18010501805437828_2523770424455667093_n.jpg","type":"image\/jpeg"}],"author":"admin","twitter_card":"summary_large_image","twitter_misc":{"Written by":"admin","Est. reading time":"3 minutes"},"schema":{"@context":"https:\/\/schema.org","@graph":[{"@type":"Article","@id":"https:\/\/pselectronica.com.ar\/penal-los-telares\/#article","isPartOf":{"@id":"https:\/\/pselectronica.com.ar\/penal-los-telares\/"},"author":{"name":"admin","@id":"https:\/\/pselectronica.com.ar\/#\/schema\/person\/49d81d9435dff12d4565eb28a8eede94"},"headline":"Proyecto Completado en el Penal de M\u00e1xima Seguridad de Los Telares","datePublished":"2021-09-27T19:21:40+00:00","dateModified":"2024-10-26T00:30:20+00:00","mainEntityOfPage":{"@id":"https:\/\/pselectronica.com.ar\/penal-los-telares\/"},"wordCount":338,"commentCount":0,"publisher":{"@id":"https:\/\/pselectronica.com.ar\/#organization"},"image":{"@id":"https:\/\/pselectronica.com.ar\/penal-los-telares\/#primaryimage"},"thumbnailUrl":"https:\/\/pselectronica.com.ar\/wp-content\/uploads\/2021\/09\/443861528_18010501805437828_2523770424455667093_n.jpg","articleSection":["Servicios a Clientes"],"inLanguage":"en-US","potentialAction":[{"@type":"CommentAction","name":"Comment","target":["https:\/\/pselectronica.com.ar\/penal-los-telares\/#respond"]}]},{"@type":"WebPage","@id":"https:\/\/pselectronica.com.ar\/penal-los-telares\/","url":"https:\/\/pselectronica.com.ar\/penal-los-telares\/","name":"Sistema El\u00e9ctrico y Fibra \u00d3ptica en el Penal Los Telares","isPartOf":{"@id":"https:\/\/pselectronica.com.ar\/#website"},"primaryImageOfPage":{"@id":"https:\/\/pselectronica.com.ar\/penal-los-telares\/#primaryimage"},"image":{"@id":"https:\/\/pselectronica.com.ar\/penal-los-telares\/#primaryimage"},"thumbnailUrl":"https:\/\/pselectronica.com.ar\/wp-content\/uploads\/2021\/09\/443861528_18010501805437828_2523770424455667093_n.jpg","datePublished":"2021-09-27T19:21:40+00:00","dateModified":"2024-10-26T00:30:20+00:00","description":"Descubre c\u00f3mo PSelectronica complet\u00f3 la instalaci\u00f3n de sistemas el\u00e9ctricos, de potencia y fibra \u00f3ptica en el penal de m\u00e1xima seguridad de Los Telares, garantizando eficiencia y seguridad en Santiago del Estero.","breadcrumb":{"@id":"https:\/\/pselectronica.com.ar\/penal-los-telares\/#breadcrumb"},"inLanguage":"en-US","potentialAction":[{"@type":"ReadAction","target":["https:\/\/pselectronica.com.ar\/penal-los-telares\/"]}]},{"@type":"ImageObject","inLanguage":"en-US","@id":"https:\/\/pselectronica.com.ar\/penal-los-telares\/#primaryimage","url":"https:\/\/pselectronica.com.ar\/wp-content\/uploads\/2021\/09\/443861528_18010501805437828_2523770424455667093_n.jpg","contentUrl":"https:\/\/pselectronica.com.ar\/wp-content\/uploads\/2021\/09\/443861528_18010501805437828_2523770424455667093_n.jpg","width":1440,"height":1800},{"@type":"BreadcrumbList","@id":"https:\/\/pselectronica.com.ar\/penal-los-telares\/#breadcrumb","itemListElement":[{"@type":"ListItem","position":1,"name":"Portada","item":"https:\/\/pselectronica.com.ar\/"},{"@type":"ListItem","position":2,"name":"Proyecto Completado en el Penal de M\u00e1xima Seguridad de Los Telares"}]},{"@type":"WebSite","@id":"https:\/\/pselectronica.com.ar\/#website","url":"https:\/\/pselectronica.com.ar\/","name":"","description":"","publisher":{"@id":"https:\/\/pselectronica.com.ar\/#organization"},"potentialAction":[{"@type":"SearchAction","target":{"@type":"EntryPoint","urlTemplate":"https:\/\/pselectronica.com.ar\/?s={search_term_string}"},"query-input":{"@type":"PropertyValueSpecification","valueRequired":true,"valueName":"search_term_string"}}],"inLanguage":"en-US"},{"@type":"Organization","@id":"https:\/\/pselectronica.com.ar\/#organization","name":"PS Electronica","url":"https:\/\/pselectronica.com.ar\/","logo":{"@type":"ImageObject","inLanguage":"en-US","@id":"https:\/\/pselectronica.com.ar\/#\/schema\/logo\/image\/","url":"https:\/\/pselectronica.com.ar\/wp-content\/uploads\/2021\/07\/perfil.jpg","contentUrl":"https:\/\/pselectronica.com.ar\/wp-content\/uploads\/2021\/07\/perfil.jpg","width":500,"height":500,"caption":"PS Electronica"},"image":{"@id":"https:\/\/pselectronica.com.ar\/#\/schema\/logo\/image\/"},"sameAs":["https:\/\/www.facebook.com\/PSelectronica\/","https:\/\/www.instagram.com\/ps.electronica\/"]},{"@type":"Person","@id":"https:\/\/pselectronica.com.ar\/#\/schema\/person\/49d81d9435dff12d4565eb28a8eede94","name":"admin","image":{"@type":"ImageObject","inLanguage":"en-US","@id":"https:\/\/secure.gravatar.com\/avatar\/e5d485642d2b365651044b921536cb7092efe57bc5267c19db4da906a89b81e3?s=96&d=mm&r=g","url":"https:\/\/secure.gravatar.com\/avatar\/e5d485642d2b365651044b921536cb7092efe57bc5267c19db4da906a89b81e3?s=96&d=mm&r=g","contentUrl":"https:\/\/secure.gravatar.com\/avatar\/e5d485642d2b365651044b921536cb7092efe57bc5267c19db4da906a89b81e3?s=96&d=mm&r=g","caption":"admin"},"sameAs":["http:\/\/pselectronica.com.ar"]}]}},"_links":{"self":[{"href":"https:\/\/pselectronica.com.ar\/en\/wp-json\/wp\/v2\/posts\/270","targetHints":{"allow":["GET"]}}],"collection":[{"href":"https:\/\/pselectronica.com.ar\/en\/wp-json\/wp\/v2\/posts"}],"about":[{"href":"https:\/\/pselectronica.com.ar\/en\/wp-json\/wp\/v2\/types\/post"}],"author":[{"embeddable":true,"href":"https:\/\/pselectronica.com.ar\/en\/wp-json\/wp\/v2\/users\/1"}],"replies":[{"embeddable":true,"href":"https:\/\/pselectronica.com.ar\/en\/wp-json\/wp\/v2\/comments?post=270"}],"version-history":[{"count":4,"href":"https:\/\/pselectronica.com.ar\/en\/wp-json\/wp\/v2\/posts\/270\/revisions"}],"predecessor-version":[{"id":495,"href":"https:\/\/pselectronica.com.ar\/en\/wp-json\/wp\/v2\/posts\/270\/revisions\/495"}],"wp:featuredmedia":[{"embeddable":true,"href":"https:\/\/pselectronica.com.ar\/en\/wp-json\/wp\/v2\/media\/493"}],"wp:attachment":[{"href":"https:\/\/pselectronica.com.ar\/en\/wp-json\/wp\/v2\/media?parent=270"}],"wp:term":[{"taxonomy":"category","embeddable":true,"href":"https:\/\/pselectronica.com.ar\/en\/wp-json\/wp\/v2\/categories?post=270"},{"taxonomy":"post_tag","embeddable":true,"href":"https:\/\/pselectronica.com.ar\/en\/wp-json\/wp\/v2\/tags?post=270"}],"curies":[{"name":"wp","href":"https:\/\/api.w.org\/{rel}","templated":true}]}}